{"id":153839,"date":"2020-01-14T09:16:23","date_gmt":"2020-01-14T15:16:23","guid":{"rendered":"https:\/\/centralhealth.sbdev.io\/?p=153839"},"modified":"2024-08-21T13:32:24","modified_gmt":"2024-08-21T18:32:24","slug":"central-health-begins-new-year-by-announcing-two-new-executive-positions-deputy-administrator-and-vice-president-of-enterprise-alignment-and-coordination","status":"publish","type":"post","link":"https:\/\/www.centralhealth.net\/es\/central-health-begins-new-year-by-announcing-two-new-executive-positions-deputy-administrator-and-vice-president-of-enterprise-alignment-and-coordination\/","title":{"rendered":"Central Health comienza el nuevo a\u00f1o anunciando dos nuevos cargos ejecutivos"},"content":{"rendered":"<p>(Austin) - Central Health se complace en anunciar que ha creado dos nuevos puestos ejecutivos para servir mejor a la creciente poblaci\u00f3n del Condado de Travis de residentes con bajos ingresos que necesitan acceso a atenci\u00f3n m\u00e9dica de calidad: Administrador Adjunto y Vicepresidente de Alineaci\u00f3n y Coordinaci\u00f3n Empresarial.<\/p>\n<p>En primer lugar, Perla Cavazos ha sido ascendida de vicepresidenta de Asuntos Gubernamentales a administradora adjunta. En su nuevo cargo, Cavazos se centrar\u00e1 en la gobernanza y las pol\u00edticas operativas de los distritos sanitarios, al tiempo que desarrollar\u00e1 y coordinar\u00e1 estrategias de asuntos gubernamentales para Central Health y sus organizaciones afiliadas, CommUnityCare Health Centers y Sendero Health Plans.<\/p>\n<p>Stephanie McDonald, anterior jefa de personal de Central Health, pasa a ocupar el cargo de vicepresidenta de alineaci\u00f3n y coordinaci\u00f3n empresarial, donde colaborar\u00e1 con los afiliados y socios de Central Health, apoyando las prioridades de trabajo estrat\u00e9gicas y operativas del distrito sanitario en todo el condado de Travis.<\/p>\n<p>Tanto Cavazos como McDonald trabajar\u00e1n directamente con el Presidente y Director General de Central Health, Mike Geeslin.<\/p>\n<p>\"Estoy agradecido por las habilidades y talentos que cada uno de estos colegas aporta a nuestra organizaci\u00f3n y a nuestra comunidad\", dijo Mike Geeslin, presidente y CEO de Central Health. \"Tanto Perla como Stephanie est\u00e1n comprometidas con la visi\u00f3n y los valores de Central Health. Nuestra comunidad es afortunada de tenerlas trabajando para nosotros a medida que ampliamos y mejoramos los servicios de atenci\u00f3n sanitaria para las personas a las que tenemos el honor de servir.\"<\/p>\n<p>&nbsp;<\/p>\n<p><a href=\"\/\/192.168.1.69:4242\/wp-content\/uploads\/2020\/01\/20160817-160817a-9512-Edit.jpg\"><img loading=\"lazy\" decoding=\"async\" class=\"wp-image-153841 size-medium alignright\" src=\"\/\/192.168.1.69:4242\/wp-content\/uploads\/2020\/01\/20160817-160817a-9512-Edit-232x300.jpg\" alt=\"\" width=\"232\" height=\"300\" srcset=\"https:\/\/www.centralhealth.net\/wp-content\/uploads\/2020\/01\/20160817-160817a-9512-Edit-232x300.jpg 232w, https:\/\/www.centralhealth.net\/wp-content\/uploads\/2020\/01\/20160817-160817a-9512-Edit-768x994.jpg 768w, https:\/\/www.centralhealth.net\/wp-content\/uploads\/2020\/01\/20160817-160817a-9512-Edit-791x1024.jpg 791w\" sizes=\"auto, (max-width: 232px) 100vw, 232px\" \/><\/a><\/p>\n<p><strong>Sobre Perla Cavazos:<\/strong><br \/>\nCavazos se uni\u00f3 a Central Health en julio de 2016, y anteriormente trabaj\u00f3 como Directora Legislativa en el Senado de Texas, como Gerente de Pol\u00edticas y Asociaciones en la Campa\u00f1a de Texas para Prevenir el Embarazo Adolescente, y como Analista Senior de Pol\u00edticas en el Centro de Servicios Legales de Texas. Es licenciada por la Universidad de Stanford y tiene un m\u00e1ster por la Escuela LBJ de Asuntos P\u00fablicos de la Universidad de Texas en Austin. Ha sido miembro de la Comisi\u00f3n de Planificaci\u00f3n de la Ciudad de Austin, de la Comisi\u00f3n de la Mujer, de la Comisi\u00f3n de Gesti\u00f3n de Recursos, del Grupo de Trabajo de Asesoramiento Ciudadano Imagine Austin y, recientemente, del Grupo de Trabajo para la B\u00fasqueda de un Administrador Municipal. Es alumna de Leadership Austin ('08) y galardonada con el premio \"Austin Under 40 Award\" en asuntos p\u00fablicos y gubernamentales ('08).<\/p>\n<p><strong>Sobre Stephanie McDonald:<a href=\"\/\/192.168.1.69:4242\/wp-content\/uploads\/2020\/01\/Stephanie-Lee-McDonald.jpg\"><img loading=\"lazy\" decoding=\"async\" class=\"alignleft wp-image-153840 size-full\" src=\"\/\/192.168.1.69:4242\/wp-content\/uploads\/2020\/01\/Stephanie-Lee-McDonald.jpg\" alt=\"\" width=\"160\" height=\"200\"><\/a><\/strong><br \/>\nMcDonald se incorpor\u00f3 a Central Health en 2015 como jefa de personal bajo las \u00f3rdenes del director general. Antes de eso, fue vicepresidenta de pol\u00edtica p\u00fablica de la C\u00e1mara de Comercio de Austin. Tambi\u00e9n fue directora ejecutiva de la organizaci\u00f3n sin \u00e1nimo de lucro Waller Creek Conservancy y ayudante de la exalcaldesa interina Sheryl Cole.  Profesional de la comunicaci\u00f3n estrat\u00e9gica y la pol\u00edtica p\u00fablica, con experiencia en clientes de los sectores p\u00fablico y privado, Stephanie es licenciada por el Austin College de Sherman (Texas) y ha cursado estudios de posgrado en la Facultad de Comunicaci\u00f3n Moody de la Universidad de Texas. En 2011, recibi\u00f3 el premio Heywood C. Clemons por sus servicios al Austin College.<\/p>","protected":false},"excerpt":{"rendered":"<p>(Austin) \u2013 Central Health is excited to announced it has created two new executive positions to better serve Travis County\u2019s growing population of residents with low-income who need access to [&hellip;]<\/p>\n","protected":false},"author":17,"featured_media":0,"comment_status":"closed","ping_status":"closed","sticky":false,"template":"","format":"standard","meta":{"_acf_changed":false,"_genesis_hide_title":false,"_genesis_hide_breadcrumbs":false,"_genesis_hide_singular_image":false,"_genesis_hide_footer_widgets":false,"_genesis_custom_body_class":"","_genesis_custom_post_class":"","_genesis_layout":"","footnotes":""},"categories":[4,70],"tags":[],"class_list":["post-153839","post","type-post","status-publish","format-standard","category-news","category-press-releases","entry","has-post-thumbnail"],"acf":[],"_links":{"self":[{"href":"https:\/\/www.centralhealth.net\/es\/wp-json\/wp\/v2\/posts\/153839","targetHints":{"allow":["GET"]}}],"collection":[{"href":"https:\/\/www.centralhealth.net\/es\/wp-json\/wp\/v2\/posts"}],"about":[{"href":"https:\/\/www.centralhealth.net\/es\/wp-json\/wp\/v2\/types\/post"}],"author":[{"embeddable":true,"href":"https:\/\/www.centralhealth.net\/es\/wp-json\/wp\/v2\/users\/17"}],"replies":[{"embeddable":true,"href":"https:\/\/www.centralhealth.net\/es\/wp-json\/wp\/v2\/comments?post=153839"}],"version-history":[{"count":0,"href":"https:\/\/www.centralhealth.net\/es\/wp-json\/wp\/v2\/posts\/153839\/revisions"}],"wp:attachment":[{"href":"https:\/\/www.centralhealth.net\/es\/wp-json\/wp\/v2\/media?parent=153839"}],"wp:term":[{"taxonomy":"category","embeddable":true,"href":"https:\/\/www.centralhealth.net\/es\/wp-json\/wp\/v2\/categories?post=153839"},{"taxonomy":"post_tag","embeddable":true,"href":"https:\/\/www.centralhealth.net\/es\/wp-json\/wp\/v2\/tags?post=153839"}],"curies":[{"name":"wp","href":"https:\/\/api.w.org\/{rel}","templated":true}]}}