{"id":182007,"date":"2023-06-09T15:50:57","date_gmt":"2023-06-09T20:50:57","guid":{"rendered":"https:\/\/www.centralhealth.net\/?p=182007"},"modified":"2023-08-29T16:27:35","modified_gmt":"2023-08-29T21:27:35","slug":"with-call-for-search-firms-central-health-kicks-off-community-informed-process-to-recruit-its-next-president-ceo","status":"publish","type":"post","link":"https:\/\/www.centralhealth.net\/es\/with-call-for-search-firms-central-health-kicks-off-community-informed-process-to-recruit-its-next-president-ceo\/","title":{"rendered":"Central Health convoca a empresas de b\u00fasqueda y pone en marcha un proceso comunitario para contratar a su pr\u00f3ximo Presidente\/Director General"},"content":{"rendered":"<p><img loading=\"lazy\" decoding=\"async\" class=\"alignleft size-medium wp-image-182008\" src=\"http:\/\/www.centralhealth.net\/wp-content\/uploads\/2023\/08\/db3edc80-aece-4aed-aa91-a607c8c27ce1-300x285.jpg\" alt=\"\" width=\"300\" height=\"285\" srcset=\"https:\/\/www.centralhealth.net\/wp-content\/uploads\/2023\/08\/db3edc80-aece-4aed-aa91-a607c8c27ce1-300x285.jpg 300w, https:\/\/www.centralhealth.net\/wp-content\/uploads\/2023\/08\/db3edc80-aece-4aed-aa91-a607c8c27ce1-768x730.jpg 768w, https:\/\/www.centralhealth.net\/wp-content\/uploads\/2023\/08\/db3edc80-aece-4aed-aa91-a607c8c27ce1-24x24.jpg 24w, https:\/\/www.centralhealth.net\/wp-content\/uploads\/2023\/08\/db3edc80-aece-4aed-aa91-a607c8c27ce1-36x34.jpg 36w, https:\/\/www.centralhealth.net\/wp-content\/uploads\/2023\/08\/db3edc80-aece-4aed-aa91-a607c8c27ce1-48x46.jpg 48w, https:\/\/www.centralhealth.net\/wp-content\/uploads\/2023\/08\/db3edc80-aece-4aed-aa91-a607c8c27ce1.jpg 980w\" sizes=\"auto, (max-width: 300px) 100vw, 300px\" \/>(Austin) - Central Health, el distrito hospitalario del condado de Travis, ha comenzado a buscar empresas de b\u00fasqueda como posibles socios en un proceso informado por la comunidad este verano y oto\u00f1o para contratar a un sucesor para el Presidente y CEO Mike Geeslin.<\/p>\n<p>La semana pasada se envi\u00f3 una invitaci\u00f3n para la presentaci\u00f3n de propuestas a las empresas de b\u00fasqueda de ejecutivos seleccionadas, y las respuestas deben enviarse este viernes 16 de junio. Esto marca el comienzo de varios meses de compromiso de la comunidad mientras Central Health recoge opiniones sobre c\u00f3mo cubrir este importante puesto.<\/p>\n<p>\"La transparencia y la participaci\u00f3n son fundamentales en este proceso\", declar\u00f3 la gerente Ann Kitchen, presidenta del Comit\u00e9 de Sucesi\u00f3n ad hoc del Consejo de Administraci\u00f3n de Central Health. \"Para servir a la comunidad tenemos que entender lo que piensa y lo que le gustar\u00eda que ocurriera\".<\/p>\n<p>En una reuni\u00f3n del Comit\u00e9 de Sucesi\u00f3n celebrada el lunes 12 de junio, el personal estableci\u00f3 un calendario para los pr\u00f3ximos pasos de este proceso:<\/p>\n<ul>\n<li><strong>Junio de 2023:<\/strong> Publicar los anuncios de licitaci\u00f3n (IFB); examinar las propuestas<\/li>\n<li><strong>Julio de 2023:<\/strong> Anunciar empresa de b\u00fasqueda<\/li>\n<li><strong>Julio de 2023:<\/strong> Lanzamiento de la investigaci\u00f3n y el compromiso para el perfil del CEO comunitario<\/li>\n<li><strong>Ago.\/Sept. 2023:<\/strong> Finalizaci\u00f3n y publicaci\u00f3n del perfil del CEO comunitario; anuncio de la lista de finalistas.<\/li>\n<li><strong>Septiembre de 2023:<\/strong> Anunciar CEO interino (si procede)<\/li>\n<li><strong>Septiembre\/octubre de 2023:<\/strong> Conversaci\u00f3n comunitaria con los finalistas<\/li>\n<li><strong>Oto\u00f1o de 2023:<\/strong> Anuncio del nuevo Presidente\/Director General<\/li>\n<\/ul>\n<p>Desarrollar, con las aportaciones de las partes interesadas de todo el condado de Travis, incluidos los pacientes a los que atendemos, un perfil de director general de la comunidad que establezca las cualidades clave que se buscan en el pr\u00f3ximo l\u00edder de Central Health. La investigaci\u00f3n y la divulgaci\u00f3n se llevar\u00e1n a cabo este verano, incluyendo una encuesta a la comunidad y entrevistas telef\u00f3nicas y de intercepci\u00f3n con pacientes cl\u00ednicos de Central Health y miembros del Programa de Acceso M\u00e9dico en varios idiomas.<\/p>\n<p>En septiembre, el distrito espera tener una lista de candidatos preseleccionados. A finales de septiembre o principios de octubre, dependiendo de los calendarios, est\u00e1 prevista una Conversaci\u00f3n Comunitaria Central Health con los finalistas. Este foro moderado ser\u00e1 una oportunidad para que el p\u00fablico haga preguntas y aporte su opini\u00f3n antes de que el Consejo de Administraci\u00f3n tome su decisi\u00f3n final.<\/p>\n<p>Tambi\u00e9n en septiembre\/octubre, el Consejo de Administraci\u00f3n decidir\u00e1 si nombra a un director general interino del distrito hospitalario y, en caso afirmativo, a qui\u00e9n. Central Health espera contar con el sucesor de Geeslin a finales de 2023.<\/p>","protected":false},"excerpt":{"rendered":"<p>(Austin) \u2014 Central Health, Travis County\u2019s hospital district, has begun to seek search firms as potential partners in a community-informed process this summer and fall to recruit a successor for [&hellip;]<\/p>\n","protected":false},"author":8,"featured_media":182008,"comment_status":"closed","ping_status":"closed","sticky":false,"template":"","format":"standard","meta":{"_acf_changed":false,"_genesis_hide_title":false,"_genesis_hide_breadcrumbs":false,"_genesis_hide_singular_image":false,"_genesis_hide_footer_widgets":false,"_genesis_custom_body_class":"","_genesis_custom_post_class":"","_genesis_layout":"","footnotes":""},"categories":[4,70],"tags":[],"class_list":["post-182007","post","type-post","status-publish","format-standard","has-post-thumbnail","category-news","category-press-releases","entry"],"acf":[],"_links":{"self":[{"href":"https:\/\/www.centralhealth.net\/es\/wp-json\/wp\/v2\/posts\/182007","targetHints":{"allow":["GET"]}}],"collection":[{"href":"https:\/\/www.centralhealth.net\/es\/wp-json\/wp\/v2\/posts"}],"about":[{"href":"https:\/\/www.centralhealth.net\/es\/wp-json\/wp\/v2\/types\/post"}],"author":[{"embeddable":true,"href":"https:\/\/www.centralhealth.net\/es\/wp-json\/wp\/v2\/users\/8"}],"replies":[{"embeddable":true,"href":"https:\/\/www.centralhealth.net\/es\/wp-json\/wp\/v2\/comments?post=182007"}],"version-history":[{"count":0,"href":"https:\/\/www.centralhealth.net\/es\/wp-json\/wp\/v2\/posts\/182007\/revisions"}],"wp:featuredmedia":[{"embeddable":true,"href":"https:\/\/www.centralhealth.net\/es\/wp-json\/wp\/v2\/media\/182008"}],"wp:attachment":[{"href":"https:\/\/www.centralhealth.net\/es\/wp-json\/wp\/v2\/media?parent=182007"}],"wp:term":[{"taxonomy":"category","embeddable":true,"href":"https:\/\/www.centralhealth.net\/es\/wp-json\/wp\/v2\/categories?post=182007"},{"taxonomy":"post_tag","embeddable":true,"href":"https:\/\/www.centralhealth.net\/es\/wp-json\/wp\/v2\/tags?post=182007"}],"curies":[{"name":"wp","href":"https:\/\/api.w.org\/{rel}","templated":true}]}}