{"id":190329,"date":"2024-09-24T02:00:26","date_gmt":"2024-09-24T07:00:26","guid":{"rendered":"https:\/\/www.centralhealth.net\/?p=190329"},"modified":"2026-04-08T13:41:14","modified_gmt":"2026-04-08T18:41:14","slug":"central-health-fy-2025-budget-investing-in-health-equity","status":"publish","type":"post","link":"https:\/\/www.centralhealth.net\/es\/central-health-fy-2025-budget-investing-in-health-equity\/","title":{"rendered":"Central Health Presupuesto AF 2025: Invertir en un futuro m\u00e1s sano"},"content":{"rendered":"<p>Por el Dr. Pat Lee<br \/>\nCentral Health Presidente y Director General<\/p>\n<div class=\"row justify-content-center\">\n<div class=\"col-md-8 col-lg-6\"><img loading=\"lazy\" decoding=\"async\" width=\"800\" height=\"400\" class=\"alignnone size-medium wp-image-190337\" src=\"https:\/\/www.centralhealth.net\/wp-content\/uploads\/2024\/09\/pat-1-1.jpg\" alt=\"Dr. Pat Lee Quote\" srcset=\"https:\/\/www.centralhealth.net\/wp-content\/uploads\/2024\/09\/pat-1-1.jpg 800w, https:\/\/www.centralhealth.net\/wp-content\/uploads\/2024\/09\/pat-1-1-300x150.jpg 300w, https:\/\/www.centralhealth.net\/wp-content\/uploads\/2024\/09\/pat-1-1-768x384.jpg 768w, https:\/\/www.centralhealth.net\/wp-content\/uploads\/2024\/09\/pat-1-1-24x12.jpg 24w, https:\/\/www.centralhealth.net\/wp-content\/uploads\/2024\/09\/pat-1-1-36x18.jpg 36w, https:\/\/www.centralhealth.net\/wp-content\/uploads\/2024\/09\/pat-1-1-48x24.jpg 48w\" sizes=\"auto, (max-width: 800px) 100vw, 800px\" \/><br \/>\n  <small style=\"display: inline-block; margin: 10px 0px;\">El Dr. Patrick Lee habla ante el Tribunal de Comisionados del Condado de Travis el martes 17 de septiembre.<\/small>\n  <\/div>\n<\/div>\n<div class=\"row\">\n<div class=\"col-12\">\n<p>Me complace anunciar que la Corte de Comisionados del Condado de Travis ha aprobado el presupuesto Central Health para el a\u00f1o fiscal 2025, marcando otro paso significativo en nuestro compromiso continuo para avanzar la equidad de salud en el Condado de Travis. Quiero extender mi m\u00e1s profunda gratitud a la Corte de Comisionados, a nuestra Junta Directiva, a nuestros socios, a nuestro dedicado personal y a toda la comunidad.<\/p>\n<p>Gracias por confiarnos la misi\u00f3n vital de facilitar el acceso a la atenci\u00f3n sanitaria a quienes m\u00e1s lo necesitan. Su confianza en Central Health nos permite continuar esta importante labor, generar confianza en nuestra comunidad y luchar por un futuro m\u00e1s sano y equitativo para todos.<\/p>\n<\/p><\/div>\n<\/div>\n<div class=\"row\">\n<div class=\"col-md-4 col-lg-3 align-self-center\">\n    <img loading=\"lazy\" decoding=\"async\" width=\"800\" height=\"800\" class=\"alignnone size-medium wp-image-190344\" src=\"https:\/\/www.centralhealth.net\/wp-content\/uploads\/2024\/09\/pat-2-2.jpg\" alt=\"\" srcset=\"https:\/\/www.centralhealth.net\/wp-content\/uploads\/2024\/09\/pat-2-2.jpg 800w, https:\/\/www.centralhealth.net\/wp-content\/uploads\/2024\/09\/pat-2-2-300x300.jpg 300w, https:\/\/www.centralhealth.net\/wp-content\/uploads\/2024\/09\/pat-2-2-150x150.jpg 150w, https:\/\/www.centralhealth.net\/wp-content\/uploads\/2024\/09\/pat-2-2-768x768.jpg 768w, https:\/\/www.centralhealth.net\/wp-content\/uploads\/2024\/09\/pat-2-2-24x24.jpg 24w, https:\/\/www.centralhealth.net\/wp-content\/uploads\/2024\/09\/pat-2-2-36x36.jpg 36w, https:\/\/www.centralhealth.net\/wp-content\/uploads\/2024\/09\/pat-2-2-48x48.jpg 48w\" sizes=\"auto, (max-width: 800px) 100vw, 800px\" \/><\/a>\n  <\/div>\n<div class=\"col-md-8 col-lg-9\">\n<h3><b>$888,7 millones para ampliar la asistencia en el condado de Travis<\/b><\/h3>\n<p>El presupuesto de $888,7 millones respalda un aumento de $58,2 millones en la prestaci\u00f3n de asistencia sanitaria e incluye las siguientes inversiones significativas:<\/p>\n<ul>\n<li>Ampliar la atenci\u00f3n especializada: Aumentar nuestro presupuesto en $30,8 millones para proporcionar 30.000 visitas anuales de atenci\u00f3n especializada -un aumento de seis veces con respecto al a\u00f1o fiscal 2024- en las cl\u00ednicas Rosewood-Zaragosa, Capital Plaza y East Austin.<\/li>\n<li>Apoyo a la salud mental: Aumentar el presupuesto en $5,1 millones para contratos especializados de salud mental, incluidos m\u00e1s servicios ambulatorios y de urgencias psiqui\u00e1tricas, tratamiento del consumo de sustancias, servicios de desv\u00edo y terapia asistida con medicaci\u00f3n (esto incluye un aumento de $4,5 millones, con lo que la financiaci\u00f3n total para Atenci\u00f3n Integral asciende a $20,6 millones); y $2,9 millones para servicios directos de salud mental Central Health, incluidos m\u00e1s psiquiatr\u00eda, terapia y asesoramiento.<\/li>\n<li>Mejorar la atenci\u00f3n posthospitalaria: Ampliaci\u00f3n de los equipos en centros de enfermer\u00eda especializada y establecimiento de nuevos contratos con estos centros con el objetivo de proporcionar 1.440 d\u00edas cama gestionados directamente por Central Health y 3.000 d\u00edas cama contratados, lo que supone un aumento de 30% con respecto al objetivo del a\u00f1o pasado.<\/li>\n<li>Reforzar la coordinaci\u00f3n de la atenci\u00f3n y la inscripci\u00f3n: Ampliando nuestros esfuerzos de navegaci\u00f3n de pacientes con un aumento de $3,6 millones y 21 nuevos empleados; y reforzando los servicios de elegibilidad e inscripci\u00f3n con un aumento de $2,6 millones para m\u00e1s servicios presenciales y virtuales.<\/li>\n<\/ul><\/div>\n<\/div>\n<div class=\"row\">\n<div class=\"col-12 text-center\">\n    <img decoding=\"async\" class=\"alignnone size-medium wp-image-190334\" style=\"margin: 40px 0px;\" src=\"https:\/\/www.centralhealth.net\/wp-content\/uploads\/2024\/09\/pat-3-2.jpg\" alt=\"healthcare delivery chart\"\/>\n  <\/div>\n<\/div>\n<div class=\"row\">\n<div class=\"col-md-8 col-lg-9\">\n<h3><b>Antecedentes: El Plan de Equidad Sanitaria<\/b><\/h3>\n<p>En 2022, Central Health cre\u00f3 un Plan de Equidad Sanitaria de siete a\u00f1os en respuesta a una revisi\u00f3n de rendimiento de terceros en 2018 que encontr\u00f3 lagunas en el sistema local de atenci\u00f3n sanitaria de red de seguridad. Muchas de estas deficiencias han existido durante generaciones. Este plan fue el resultado de un proceso de 18 meses impulsado por datos e informado y moldeado por nuestra comunidad. A trav\u00e9s de este proceso identificamos brechas espec\u00edficas en la atenci\u00f3n primaria, la atenci\u00f3n especializada, la salud conductual, la atenci\u00f3n dental, la atenci\u00f3n hospitalaria y la atenci\u00f3n post-aguda para los residentes de bajos ingresos del Condado de Travis. Ahora que entra en su segundo a\u00f1o, el plan tiene como objetivo cerrar estas brechas y garantizar un acceso equitativo a la atenci\u00f3n m\u00e9dica.<\/p>\n<\/p><\/div>\n<div class=\"col-md-4 col-lg-3 align-self-center\">\n    <img loading=\"lazy\" decoding=\"async\" width=\"800\" height=\"533\" class=\"alignnone size-medium wp-image-190342\" src=\"https:\/\/www.centralhealth.net\/wp-content\/uploads\/2024\/09\/pat-4-1.jpg\" alt=\"\" srcset=\"https:\/\/www.centralhealth.net\/wp-content\/uploads\/2024\/09\/pat-4-1.jpg 800w, https:\/\/www.centralhealth.net\/wp-content\/uploads\/2024\/09\/pat-4-1-300x200.jpg 300w, https:\/\/www.centralhealth.net\/wp-content\/uploads\/2024\/09\/pat-4-1-768x512.jpg 768w, https:\/\/www.centralhealth.net\/wp-content\/uploads\/2024\/09\/pat-4-1-24x16.jpg 24w, https:\/\/www.centralhealth.net\/wp-content\/uploads\/2024\/09\/pat-4-1-36x24.jpg 36w, https:\/\/www.centralhealth.net\/wp-content\/uploads\/2024\/09\/pat-4-1-48x32.jpg 48w\" sizes=\"auto, (max-width: 800px) 100vw, 800px\" \/>\n  <\/div>\n<\/div>\n<div class=\"row\">\n<div class=\"col-md-6 col-lg-6\">\n<h3>Retos pendientes<\/h3>\n<p>En Central Health, nos enfrentamos a uno de los retos m\u00e1s acuciantes a los que se enfrenta nuestra comunidad hoy en d\u00eda: las marcadas disparidades en los resultados sanitarios que afectan de forma desproporcionada a nuestros vecinos negros y marrones. En el condado de Travis, las personas que viven al este de la I-35 tienen una esperanza de vida estimada entre 10 y 20 a\u00f1os menor que las que viven al oeste de la I-35, lo que pone de manifiesto profundas desigualdades sist\u00e9micas. Estas disparidades no son s\u00f3lo estad\u00edsticas; representan vidas reales perdidas por causas prevenibles, cost\u00e1ndole a nuestra comunidad $1.1 billones anualmente. El statu quo es sencillamente inaceptable, y Central Health se ha comprometido a cambiarlo.<\/p>\n<h3>Nuestra soluci\u00f3n: crear un sistema integral<\/h3>\n<p>Central Health est\u00e1 actuando con valent\u00eda para colmar las lagunas sanitarias mediante el desarrollo de un sistema dise\u00f1ado espec\u00edficamente para cubrir todo el espectro de necesidades de cada paciente: f\u00edsicas, emocionales, sociales, mentales y espirituales. Basado en la confianza y la atenci\u00f3n integral, nuestro enfoque trata a la persona en su totalidad, no s\u00f3lo enfermedades o afecciones espec\u00edficas, y hace hincapi\u00e9 en la integraci\u00f3n y la colaboraci\u00f3n en todo nuestro sistema y con los socios de la comunidad. Nos comprometemos a llegar a m\u00e1s personas y a abordar las condiciones sociales que repercuten en la salud de nuestros pacientes para lograr una verdadera equidad sanitaria.<\/p><\/div>\n<div class=\"col-md-6 col-lg-6 align-self-center\">\n<p>  <img loading=\"lazy\" decoding=\"async\" width=\"800\" height=\"600\" class=\"alignnone size-medium wp-image-190375\" src=\"https:\/\/www.centralhealth.net\/wp-content\/uploads\/2024\/09\/pat-5.jpg\" alt=\"\" srcset=\"https:\/\/www.centralhealth.net\/wp-content\/uploads\/2024\/09\/pat-5.jpg 800w, https:\/\/www.centralhealth.net\/wp-content\/uploads\/2024\/09\/pat-5-300x225.jpg 300w, https:\/\/www.centralhealth.net\/wp-content\/uploads\/2024\/09\/pat-5-768x576.jpg 768w, https:\/\/www.centralhealth.net\/wp-content\/uploads\/2024\/09\/pat-5-24x18.jpg 24w, https:\/\/www.centralhealth.net\/wp-content\/uploads\/2024\/09\/pat-5-36x27.jpg 36w, https:\/\/www.centralhealth.net\/wp-content\/uploads\/2024\/09\/pat-5-48x36.jpg 48w\" sizes=\"auto, (max-width: 800px) 100vw, 800px\" \/><br \/>\n  <small style=\"display: inline-block; margin: 10px 0px;\">De izquierda a derecha: Rob Borja, Director de Asuntos Gubernamentales y Pol\u00edtica P\u00fablica, Paul Emmerson, Gerente de Relaciones Gubernamentales, Kim Johnson, Directora de Presupuestos, Yesenia Ramos, Supervisora de Participaci\u00f3n Comunitaria, Perla Cavazos, Administradora Adjunta, Ted Burton, Jefe de Comunicaciones, Monica Crowley, Jefa de Estrategia y Planificaci\u00f3n, Asesor Principal, Nora Comstock, Campeona de Salud Comunitaria y defensora de la comunidad, Nicki Riley, Jefa Financiera Adjunta, Dr. Pat Lee, Presidente y CEO, Jeff Knodel, Jefe Financiero, Juan Garza, Asesor Especial para Desarrollo y Asuntos Comunitarios, e Iv\u00e1n D\u00e1vila, Director Principal de Marketing y Comunicaciones.<\/small>\n <\/div>\n<\/div>\n<hr>\n<div class=\"row\">\n<div class=\"col-12\">\n<h3><b>Una historia de esperanza: El viaje de Kevin hacia la recuperaci\u00f3n<\/b><\/h3>\n<p>Una iniciativa clave de nuestro Plan de Equidad en la Asistencia Sanitaria es el programa de transiciones de la atenci\u00f3n, que desempe\u00f1a un papel fundamental para colmar las lagunas en la atenci\u00f3n sanitaria de nuestros pacientes m\u00e1s vulnerables y en situaci\u00f3n de mayor riesgo. Por ejemplo, nuestro equipo de transiciones asistenciales ayud\u00f3 recientemente a Kevin Gant, m\u00fasico y habitante de Austin desde hac\u00eda mucho tiempo, que se encontr\u00f3 sin hogar y con necesidad urgente de atenci\u00f3n m\u00e9dica. Kevin ingres\u00f3 en un hospital, donde nuestro equipo coordin\u00f3 inmediatamente su atenci\u00f3n, atendiendo tanto sus necesidades m\u00e9dicas como sociales. A lo largo de varios meses, Kevin pas\u00f3 de estar postrado en una silla de ruedas a caminar de forma independiente, y se le puso en contacto con prestaciones de Asuntos de Veteranos a las que no sab\u00eda que ten\u00eda derecho, como asistencia sanitaria y ayuda para la vivienda.<\/p>\n<\/p><\/div>\n<\/div>\n<div class=\"row justify-content-center\">\n<div class=\"col-md-8 col-lg-6\">\n    <iframe loading=\"lazy\" width=\"560\" height=\"315\" src=\"https:\/\/www.youtube.com\/embed\/AUQDqLbjgP0?si=2prI901jJpZACFBI\" title=\"Reproductor de v\u00eddeo YouTube\" frameborder=\"0\" allow=\"accelerometer; autoplay; clipboard-write; encrypted-media; gyroscope; picture-in-picture; web-share\" referrerpolicy=\"strict-origin-when-cross-origin\" allowfullscreen><\/iframe>\n  <\/div>\n<\/div>\n<div class=\"row\">\n<div class=\"col-12\">\n<p>Aunque sabemos que muchas personas sin hogar siguen teniendo dificultades para acceder a la atenci\u00f3n sanitaria, la historia de Kevin muestra c\u00f3mo nuestro equipo puede marcar una diferencia significativa para algunos proporcion\u00e1ndoles una atenci\u00f3n espec\u00edfica y compasiva en momentos cr\u00edticos. Nuestro trabajo no es perfecto, pero cada paso adelante representa un paso m\u00e1s hacia la consecuci\u00f3n de la equidad sanitaria para los m\u00e1s necesitados.<\/p>\n<hr>\n<h3>Nuestro impacto en cifras<\/h3>\n<p>En el a\u00f1o fiscal 2023, m\u00e1s de 50,000 residentes del Condado de Travis con bajos ingresos recibieron cobertura m\u00e9dica a trav\u00e9s del Programa de Acceso M\u00e9dico Central Health (MAP), y m\u00e1s de 76,000 residentes recibieron cobertura a trav\u00e9s del MAP Basic. El sistema Central Health, que incluye CommUnityCare Health Centers y Sendero Health Plans, atendi\u00f3 a m\u00e1s de 155,000 personas, un aumento interanual de 2%. Adem\u00e1s, Central Health ampli\u00f3 su red de proveedores en 12%, a\u00f1adiendo 19 nuevos proveedores, incluidos los especializados en tratamiento de opi\u00e1ceos, atenci\u00f3n primaria y servicios especializados.<\/p><\/div>\n<\/div>\n<div class=\"row\">\n<div class=\"col-md-8 col-lg-9\">\n<h3>Nuestra visi\u00f3n del \u00e9xito: Ejercicio 2025 y m\u00e1s all\u00e1<\/h3>\n<p>Para finales del a\u00f1o fiscal 2025, nos proponemos alcanzar varios hitos clave, como multiplicar por seis el n\u00famero de visitas de atenci\u00f3n especializada, establecer un centro de respiro espec\u00edfico donde las personas sin hogar puedan descansar y recuperarse de forma segura tras abandonar el hospital, en lugar de volver a la calle desde el hospital, y mejorar la forma en que coordinamos la atenci\u00f3n a los pacientes, reduciendo los reingresos hospitalarios.<\/p>\n<p>Por \u00faltimo, quiero dar las gracias personalmente al incre\u00edble equipo de Central Health, cuya diligencia y duro trabajo han dado como resultado un presupuesto que proporcionar\u00e1 atenci\u00f3n sanitaria esencial a muchas personas que, de otro modo, carecer\u00edan de estos servicios. Es un honor trabajar junto a un equipo tan dedicado de personas incansables que trabajan para que nuestra comunidad est\u00e9 m\u00e1s sana cada d\u00eda.<\/p>\n<h3>As\u00f3ciese con nosotros<\/h3>\n<p>La misi\u00f3n de Central Health es clara: atendiendo a quienes m\u00e1s lo necesitan, mejoramos la salud de nuestra comunidad. Pero no podemos hacerlo solos. Necesitamos su apoyo, ya sea usted un contribuyente, un proveedor de atenci\u00f3n sanitaria o un defensor de la comunidad. Juntos, podemos cerrar las brechas, construir confianza, y asegurar que todos en el Condado de Travis tengan acceso al cuidado que merecen. \u00danase a nosotros para hacer de esta visi\u00f3n una realidad.<\/p>\n<p><a href=\"https:\/\/www.centralhealth.net\/es\/get-involved\/\" target=\"_blank\" rel=\"noopener\" class=\"read-btn\">Invol\u00facrate<\/a><\/p><\/div>\n<div class=\"col-md-4 col-lg-3 align-self-center\">\n<p>    <img loading=\"lazy\" decoding=\"async\" class=\"alignnone size-medium wp-image-190374\" src=\"https:\/\/www.centralhealth.net\/wp-content\/uploads\/2024\/09\/blog-6.jpg\" alt=\"\" width=\"225\" height=\"300\" srcset=\"https:\/\/www.centralhealth.net\/wp-content\/uploads\/2024\/09\/blog-6.jpg 800w, https:\/\/www.centralhealth.net\/wp-content\/uploads\/2024\/09\/blog-6-225x300.jpg 225w, https:\/\/www.centralhealth.net\/wp-content\/uploads\/2024\/09\/blog-6-768x1024.jpg 768w, https:\/\/www.centralhealth.net\/wp-content\/uploads\/2024\/09\/blog-6-18x24.jpg 18w, https:\/\/www.centralhealth.net\/wp-content\/uploads\/2024\/09\/blog-6-27x36.jpg 27w, https:\/\/www.centralhealth.net\/wp-content\/uploads\/2024\/09\/blog-6-36x48.jpg 36w\" sizes=\"auto, (max-width: 225px) 100vw, 225px\" \/><br \/>\n    <small style=\"display: inline-block; margin: 10px 0px;\">El Dr. Patrick Lee y la Comisaria del Condado de Travis Margaret G\u00f3mez<\/small><\/p><\/div>\n<\/div>","protected":false},"excerpt":{"rendered":"<p>By Dr. Pat Lee Central Health President &amp; CEO Dr. Patrick Lee speaking at Travis County Commissioners Court on Tuesday, September 17. I am pleased to announce that the Travis [&hellip;]<\/p>\n","protected":false},"author":59,"featured_media":191759,"comment_status":"closed","ping_status":"closed","sticky":false,"template":"","format":"standard","meta":{"_acf_changed":false,"_genesis_hide_title":false,"_genesis_hide_breadcrumbs":false,"_genesis_hide_singular_image":false,"_genesis_hide_footer_widgets":false,"_genesis_custom_body_class":"","_genesis_custom_post_class":"","_genesis_layout":"","footnotes":""},"categories":[878,895],"tags":[],"class_list":["post-190329","post","type-post","status-publish","format-standard","has-post-thumbnail","category-blog","category-message-from-our-ceo","entry"],"acf":[],"_links":{"self":[{"href":"https:\/\/www.centralhealth.net\/es\/wp-json\/wp\/v2\/posts\/190329","targetHints":{"allow":["GET"]}}],"collection":[{"href":"https:\/\/www.centralhealth.net\/es\/wp-json\/wp\/v2\/posts"}],"about":[{"href":"https:\/\/www.centralhealth.net\/es\/wp-json\/wp\/v2\/types\/post"}],"author":[{"embeddable":true,"href":"https:\/\/www.centralhealth.net\/es\/wp-json\/wp\/v2\/users\/59"}],"replies":[{"embeddable":true,"href":"https:\/\/www.centralhealth.net\/es\/wp-json\/wp\/v2\/comments?post=190329"}],"version-history":[{"count":3,"href":"https:\/\/www.centralhealth.net\/es\/wp-json\/wp\/v2\/posts\/190329\/revisions"}],"predecessor-version":[{"id":204474,"href":"https:\/\/www.centralhealth.net\/es\/wp-json\/wp\/v2\/posts\/190329\/revisions\/204474"}],"wp:featuredmedia":[{"embeddable":true,"href":"https:\/\/www.centralhealth.net\/es\/wp-json\/wp\/v2\/media\/191759"}],"wp:attachment":[{"href":"https:\/\/www.centralhealth.net\/es\/wp-json\/wp\/v2\/media?parent=190329"}],"wp:term":[{"taxonomy":"category","embeddable":true,"href":"https:\/\/www.centralhealth.net\/es\/wp-json\/wp\/v2\/categories?post=190329"},{"taxonomy":"post_tag","embeddable":true,"href":"https:\/\/www.centralhealth.net\/es\/wp-json\/wp\/v2\/tags?post=190329"}],"curies":[{"name":"wp","href":"https:\/\/api.w.org\/{rel}","templated":true}]}}