{"id":200586,"date":"2025-09-24T08:00:15","date_gmt":"2025-09-24T13:00:15","guid":{"rendered":"https:\/\/www.centralhealth.net\/?p=200586"},"modified":"2026-03-30T13:36:10","modified_gmt":"2026-03-30T18:36:10","slug":"a-health-summit-for-latinos-in-travis-county-how-vivir-con-ganas-was-born","status":"publish","type":"post","link":"https:\/\/www.centralhealth.net\/es\/a-health-summit-for-latinos-in-travis-county-how-vivir-con-ganas-was-born\/","title":{"rendered":"Una Cumbre de Salud para Latinos en el Condado de Travis: C\u00f3mo naci\u00f3 Vivir Con Ganas"},"content":{"rendered":"<h2>La primera Exposici\u00f3n de Salud Comunitaria para Latinos lleva dos a\u00f1os prepar\u00e1ndose y se celebrar\u00e1 el 27 de septiembre en el Hotel Hyatt Regency de Austin.<\/h2>\n<div class=\"row\">\n<div class=\"col-md-6\">\n<p>Cuando los planificadores de Central Health crearon una visi\u00f3n para la primera exposici\u00f3n de salud para latinos en el condado de Travis, se preguntaron qu\u00e9 defin\u00eda a la comunidad.<\/p>\n<p>\u00bfC\u00f3mo viven?<\/p>\n<p>\u00bfCu\u00e1les son sus intereses?<\/p>\n<p>\u00bfQu\u00e9 es significativo para ellos?<\/p>\n<p>\"Avanzamos\", dijo Yesenia Ramos, coorganizadora de la exposici\u00f3n.<\/p>\n<p>\"Poner a tu familia en primer lugar\", dijo Isela Guerra, otra de las responsables de la organizaci\u00f3n.<\/p>\n<p>Vivir Con Ganas -traducido al ingl\u00e9s como \"live with gusto\"- lleg\u00f3 a encarnar a los latinos en el condado de Travis, cre\u00edan las partes interesadas de Central Health. Dos a\u00f1os de planificaci\u00f3n despu\u00e9s, la organizaci\u00f3n presentar\u00e1 su innovadora cumbre de la salud, que se celebrar\u00e1 \u00edntegramente en espa\u00f1ol, el 27 de septiembre de 2025 en el Hotel Hyatt Regency.<\/p>\n<\/p><\/div>\n<div class=\"col-md-6\">\n<div style=\"border: solid 2px #214c52; border-radius: 6px;\">\n<div style=\"padding: .5em 1em; font-size: 1.1em; background-color: #214c52; color: #fff;\">Lo que hay que saber<\/div>\n<div style=\"padding: 1em 1em 0em 1em;\">\n<p>Evento: Vivir Con Ganas<\/p>\n<p>Cu\u00e1ndo: 27 de septiembre de 2025<\/p>\n<p>D\u00f3nde: Hotel Hyatt Regency - 208 Barton Springs Road<\/p>\n<p>Hora: 9:00 a.m. - 3:00 p.m. CST<\/p>\n<p>Qu\u00e9: \u00danase a Central Health para su primera Exposici\u00f3n de Salud Comunitaria para Latinos en el Condado de Travis. La conferencia, que se llevar\u00e1 a cabo \u00edntegramente en espa\u00f1ol, contar\u00e1 con paneles informativos sobre enfermedades cardiovasculares y presi\u00f3n arterial alta, diabetes y salud conductual, junto con un discurso de apertura y entretenimiento durante todo el evento. Se servir\u00e1 desayuno y almuerzo, y tambi\u00e9n habr\u00e1 aparcamiento gratuito.<\/p>\n<p>Para inscribirse, vaya a <a href=\"https:\/\/www.centralhealth.net\/es\/vivir-con-ganas\/\" target=\"_blank\">https:\/\/www.centralhealth.net\/vivir-con-ganas\/<\/a><\/p>\n<\/div>\n<\/div><\/div>\n<\/div>\n<div class=\"row\">\n<div class=\"col-12\">\n<p>La exposici\u00f3n Vivir Con Ganas contar\u00e1 con un discurso de apertura del entrenador de bienestar emocional y podcaster Leslie Montoya, junto con sesiones dirigidas por l\u00edderes de la comunidad sobre temas como las enfermedades cardiovasculares y la presi\u00f3n arterial alta, la diabetes y la salud mental. Recursos adicionales e informaci\u00f3n estar\u00e1n disponibles de socios como Integral Care, Austin Community College, y m\u00e1s.<\/p>\n<p>\"Me gustar\u00eda que este acto creara una base de conocimientos y fuera una experiencia que esta comunidad pudiera llevar a sus familias y amigos, a sus redes, y ampliar la misi\u00f3n de Central Health y nuestros socios\", declar\u00f3 Cynthia Valadez, miembro del Consejo de Administraci\u00f3n de Central Health.<\/p>\n<h3>C\u00f3mo surgi\u00f3 Vivir Con Ganas<\/h3>\n<p>Resulta que Valadez prepar\u00f3 el terreno para la conferencia. Una d\u00e9cada antes de que Vivir con Ganas cobrara vida, sigui\u00f3 impulsando la idea.<\/p>\n<p>Antigua trabajadora sanitaria comunitaria (CHW) cuya vida entera ha estado dedicada a dar voz a los m\u00e1s desfavorecidos, ha abogado a menudo por mejores programas y recursos para los necesitados del condado de Travis. La mayor de siete hermanos e hija de educadores de Mission (Texas), esta mujer de 70 a\u00f1os siempre ha estado impulsada por el progreso. \"A todos nos ense\u00f1aron que la educaci\u00f3n es necesaria para romper el ciclo de la pobreza\", afirma Valadez, residente en East Austin desde hace m\u00e1s de cuatro d\u00e9cadas.<\/p>\n<p>Como estudiante universitaria en la Universidad de Texas en los a\u00f1os 70, march\u00f3 por las calles para defender los derechos de los inmigrantes. M\u00e1s tarde, como esposa y madre, trabaj\u00f3 incansablemente para mejorar la educaci\u00f3n y las herramientas en entornos de educaci\u00f3n especial, una labor que se forj\u00f3 despu\u00e9s de que su hija Gloria naciera con problemas de aprendizaje.<\/p>\n<p>Cuando Valadez fue nombrada miembro del Consejo de Administraci\u00f3n por los Comisionados del Condado de Travis en 2015, llev\u00f3 su defensa de la salud a Central Health, ayudando a poner en marcha el programa Campeones de la Salud de la organizaci\u00f3n. En 2023, junto con la Dra. Guadalupe Zamora, exdirectora de la Junta de Central Health, impuls\u00f3 la creaci\u00f3n de una nueva cumbre de salud para latinos. No exist\u00eda nada igual en la regi\u00f3n.<\/p>\n<p>En octubre de 2023, esa visi\u00f3n hab\u00eda nacido oficialmente.<\/p>\n<p>\"Mi sue\u00f1o y mis objetivos principales son que los miembros de las familias y los ni\u00f1os del condado de Travis crezcan informados sobre qu\u00e9 es Central Health, qu\u00e9 es CommUnityCare, qu\u00e9 es Sendero Health Plans y qu\u00e9 es Integral Care, para que puedan comprender las oportunidades de atenci\u00f3n m\u00e9dica que existen en el centro de Texas\", dijo Valadez.<\/p>\n<h3>Las personas hacen avanzar la sanidad<\/h3>\n<\/p><\/div>\n<\/div>\n<div class=\"row\">\n<div class=\"col-md-6\">\n<p>Para dar cualquier paso adelante, las personas deben marcar el camino. Ramos y Guerra, de Central Health, consiguieron recursos a finales de 2023 y principios de 2024 para alcanzar objetivos clave, como el nombre, la fecha y el lugar de la conferencia.<\/p>\n<p>Ser\u00e1n los primeros en admitir que una serie de consejos consultivos permitieron que la exposici\u00f3n sanitaria avanzara pensando en los pacientes. Tres grupos distintos -formados por pacientes, colaboradores de la red y socios externos- tuvieron mucho que decir en cada una de esas decisiones.<\/p>\n<p>\"Quer\u00edamos que fuera algo realmente dise\u00f1ado para nuestra poblaci\u00f3n de pacientes\", dijo Guerra.<\/p>\n<p>Vivir con Ganas caer\u00e1 el 27 de septiembre, a mitad del Mes de la Herencia Hispana, una celebraci\u00f3n anual de la cultura latina en Estados Unidos.<\/p>\n<p>Adem\u00e1s de sesiones informativas sobre enfermedades cr\u00f3nicas, la conferencia contar\u00e1 con m\u00fasica en directo de la artista de origen mexicano Lesly Renaga, el conjunto afrolatino Son y No Son y bailarines de ballet folcl\u00f3rico.<\/p>\n<p>Socios como Integral Care, que ofrece atenci\u00f3n sanitaria y servicios sociales de bajo coste a personas afectadas por problemas de salud mental y trastornos por abuso de sustancias, han desempe\u00f1ado un papel clave a la hora de dar forma a la visi\u00f3n de la conferencia. Desde 2000, Integral Care convoca la Conferencia de Apoyo a las Familias Afroamericanas del Centro de Texas (de la que Central Health es uno de los principales patrocinadores), un acto centrado en la salud mental y el bienestar de los afroamericanos.<\/p>\n<p>La conferencia fue una de las muchas fuentes de inspiraci\u00f3n de Vivir Con Ganas.<\/p>\n<p>\"La salud mental es esencial para el bienestar general, y en las comunidades latinas debemos asegurarnos de que la atenci\u00f3n sea accesible, inclusiva y basada en la confianza\", dijo la Dra. Amanda Banks, Directora de Salud P\u00fablica de Integral Care. \"Estamos orgullosos de apoyar un evento enfocado en eliminar barreras y crear espacios donde individuos y familias puedan conectarse, aprender y hacerse cargo de su salud en formas que honren su lenguaje, cultura y experiencias vividas.\"<\/p>\n<\/p><\/div>\n<div class=\"col-md-6\">\n<div><img decoding=\"async\" src=\"https:\/\/www.centralhealth.net\/wp-content\/uploads\/2025\/09\/yesenia.jpg\" alt=\"Yesenia Ramos\"\/><\/div><figcaption>Yesenia Ramos<\/figcaption><hr>\n<div><img decoding=\"async\" src=\"https:\/\/www.centralhealth.net\/wp-content\/uploads\/2025\/09\/Isela.jpg\" alt=\"Isela Guerra\"\/><\/div><figcaption>Isela Guerra<\/figcaption><\/div>\n<\/div>\n<div class=\"row\">\n<div class=\"col-12\">\n<h3>Oradores orientados a la misi\u00f3n<\/h3>\n<\/p><\/div>\n<\/div>\n<div class=\"row\">\n<div class=\"col-md-8\">\n<p>Varios ponentes dirigir\u00e1n los paneles sobre asistencia sanitaria en torno a Vivir con Ganas. Una de ellas es Clarena Tob\u00f3n, Directora de Avance Estrat\u00e9gico de ASHwell, cuya misi\u00f3n personal ha sido moldeada por la p\u00e9rdida personal.<\/p>\n<p>Hace diecinueve a\u00f1os, Tobon ten\u00eda 20 cuando su madre se quit\u00f3 la vida. La tragedia la impuls\u00f3 a actuar, tanto para honrar a su madre como para comprender los muchos retos a los que se enfrentan las personas con problemas de salud mental.<\/p>\n<p>Dos a\u00f1os despu\u00e9s, recaud\u00f3 m\u00e1s de $13.000 para la Fundaci\u00f3n Estadounidense para la Prevenci\u00f3n del Suicidio y particip\u00f3 en su marcha anual Out of Darkness.<\/p>\n<p>\"Aprend\u00ed que la gente quer\u00eda encontrar una comunidad\", dijo.<\/p>\n<p>Desde entonces, Tobon ha desarrollado una intensa carrera en este campo, ha hablado ante el Congreso en dos ocasiones y ha defendido a quienes se enfrentan a problemas de salud mental.<\/p>\n<\/p><\/div>\n<div class=\"col-md-4\">\n<div><img decoding=\"async\" src=\"https:\/\/www.centralhealth.net\/wp-content\/uploads\/2025\/09\/Speaker-tiles_Clarena-Tobon-06.png\" alt=\"Clarena Tobon\"\/><?div><figcaption style=\"margin-left: 40px;\">Clarena Tob\u00f3n<\/figcaption><\/div>\n<\/div>\n<div class=\"row\">\n<div class=\"col-12\">\n<p>En Vivir Con Ganas, Tob\u00f3n dirigir\u00e1 una sesi\u00f3n centrada en el bienestar mental y la salud conductual.<\/p>\n<p>\"Tengo que pensar d\u00f3nde estar\u00eda mi vida si hubi\u00e9ramos tenido un apoyo como \u00e9ste en 2005 o m\u00e1s tarde\", dijo. \"Si mi madre hubiera podido ver a alguien hablar y encontrar los recursos que va a haber en este espacio, eso me golpea de otra manera\".<\/p>\n<p>Tobon hace este importante trabajo, dice, porque puede marcar la diferencia en la vida de alguien.<\/p>\n<p>\"Si una persona da un peque\u00f1o paso hacia la recuperaci\u00f3n, esa persona har\u00e1 que todo el evento merezca la pena para m\u00ed\", afirm\u00f3.<\/p>\n<h3>El primer paso hacia un futuro lleno de salud<\/h3>\n<p>Vivir Con Ganas es un gran primer paso hacia un mejor acceso a la atenci\u00f3n sanitaria para los latinos del condado de Travis, afirma Valadez. Ella cree que puede convertirse en una hoja de ruta para futuras versiones de la conferencia.<\/p>\n<p>\"Estamos construyendo una v\u00eda hacia el \u00e9xito\", afirma.<\/p>\n<p>Para Ramos, la misi\u00f3n que inici\u00f3 junto a Guerra est\u00e1 a punto de hacerse realidad con la primera exposici\u00f3n de salud comunitaria dirigida por Central Health.<\/p>\n<p>\"Estoy muy contenta de que esto est\u00e9 sucediendo\", dijo. \"La raz\u00f3n por la que me un\u00ed a Central Health (en 2021) fue porque me di cuenta de que hab\u00eda una brecha en los recursos de atenci\u00f3n m\u00e9dica con mi comunidad latina. Y en cierto modo quer\u00eda llenar ese vac\u00edo. Esta exposici\u00f3n es el principio. Es unir a la gente como comunidad\".<\/p>\n<p>Guerra a\u00f1adi\u00f3: \"Para m\u00ed, esto es lo que significa Vivir Con Ganas: Se trata de no conformarse con sobrevivir, sino de prosperar. Estamos aqu\u00ed para ayudarles a conseguirlo\".<\/p>\n<\/p><\/div>\n<\/div>","protected":false},"excerpt":{"rendered":"<p>The first-ever Community Health Expo for Latinos is two years in the making and is scheduled to take place on September 27 at the Hyatt Regency Hotel in Austin. When [&hellip;]<\/p>\n","protected":false},"author":59,"featured_media":200605,"comment_status":"closed","ping_status":"closed","sticky":false,"template":"","format":"standard","meta":{"_acf_changed":false,"_genesis_hide_title":false,"_genesis_hide_breadcrumbs":false,"_genesis_hide_singular_image":false,"_genesis_hide_footer_widgets":false,"_genesis_custom_body_class":"","_genesis_custom_post_class":"","_genesis_layout":"","footnotes":""},"categories":[878,4],"tags":[],"class_list":["post-200586","post","type-post","status-publish","format-standard","has-post-thumbnail","category-blog","category-news","entry"],"acf":[],"_links":{"self":[{"href":"https:\/\/www.centralhealth.net\/es\/wp-json\/wp\/v2\/posts\/200586","targetHints":{"allow":["GET"]}}],"collection":[{"href":"https:\/\/www.centralhealth.net\/es\/wp-json\/wp\/v2\/posts"}],"about":[{"href":"https:\/\/www.centralhealth.net\/es\/wp-json\/wp\/v2\/types\/post"}],"author":[{"embeddable":true,"href":"https:\/\/www.centralhealth.net\/es\/wp-json\/wp\/v2\/users\/59"}],"replies":[{"embeddable":true,"href":"https:\/\/www.centralhealth.net\/es\/wp-json\/wp\/v2\/comments?post=200586"}],"version-history":[{"count":18,"href":"https:\/\/www.centralhealth.net\/es\/wp-json\/wp\/v2\/posts\/200586\/revisions"}],"predecessor-version":[{"id":204069,"href":"https:\/\/www.centralhealth.net\/es\/wp-json\/wp\/v2\/posts\/200586\/revisions\/204069"}],"wp:featuredmedia":[{"embeddable":true,"href":"https:\/\/www.centralhealth.net\/es\/wp-json\/wp\/v2\/media\/200605"}],"wp:attachment":[{"href":"https:\/\/www.centralhealth.net\/es\/wp-json\/wp\/v2\/media?parent=200586"}],"wp:term":[{"taxonomy":"category","embeddable":true,"href":"https:\/\/www.centralhealth.net\/es\/wp-json\/wp\/v2\/categories?post=200586"},{"taxonomy":"post_tag","embeddable":true,"href":"https:\/\/www.centralhealth.net\/es\/wp-json\/wp\/v2\/tags?post=200586"}],"curies":[{"name":"wp","href":"https:\/\/api.w.org\/{rel}","templated":true}]}}