{"id":6960,"date":"2016-03-29T09:43:15","date_gmt":"2016-03-29T14:43:15","guid":{"rendered":"https:\/\/centralhealth.sbdev.io\/?p=6960"},"modified":"2016-03-29T09:43:15","modified_gmt":"2016-03-29T14:43:15","slug":"judge-guy-herman-center-for-mental-health-crisis-care-breaks-ground","status":"publish","type":"post","link":"https:\/\/www.centralhealth.net\/es\/judge-guy-herman-center-for-mental-health-crisis-care-breaks-ground\/","title":{"rendered":"Comienza a funcionar el Centro Guy Herman para la Atenci\u00f3n de Crisis de Salud Mental"},"content":{"rendered":"<p><em><strong>De nuestros socios de <a href=\"http:\/\/www.integralcare.org\/\" target=\"_blank\">Austin Condado de Travis Atenci\u00f3n Integral<\/a><\/strong><\/em><\/p>\n<hr \/>\n<p><iframe loading=\"lazy\" title=\"Centro Herman para la Atenci\u00f3n de Crisis de Salud Mental en Austin\" width=\"500\" height=\"281\" src=\"https:\/\/www.youtube.com\/embed\/yqeOsoVB4Rg?feature=oembed\" frameborder=\"0\" allow=\"accelerometer; autoplay; clipboard-write; encrypted-media; gyroscope; picture-in-picture; web-share\" referrerpolicy=\"strict-origin-when-cross-origin\" allowfullscreen><\/iframe><\/p>\n<h4>\u00a0Comienza a funcionar el Centro Guy Herman para la Atenci\u00f3n de Crisis de Salud Mental<\/h4>\n<p><em><strong>El primer centro de este tipo en el condado de Travis ampliar\u00e1 el acceso a la atenci\u00f3n de salud mental<\/strong><\/em><\/p>\n<p>Funcionarios de Austin Travis County Integral Care, Central Health y St. David's Foundation se unieron hoy a miembros de las fuerzas del orden y de las comunidades de salud mental para poner la primera piedra del Judge Guy Herman Center for Mental Health Crisis Care, un centro de tratamiento psiqui\u00e1trico residencial a corto plazo basado en la comunidad para personas que sufren crisis de salud mental.<\/p>\n<p>Gestionado por Integral Care, el Centro Herman contribuir\u00e1 a paliar la falta de acceso adecuado a servicios psiqui\u00e1tricos de urgencia en el condado de Travis y ayudar\u00e1 a los servicios de primeros auxilios y atenci\u00f3n sanitaria de urgencia creando un nuevo punto de acceso para la atenci\u00f3n de crisis. El centro es el resultado de la colaboraci\u00f3n de organizaciones sanitarias locales. David's Foundation concedi\u00f3 una subvenci\u00f3n de $8,9 millones para el proyecto, y Central Health puso a disposici\u00f3n el terreno, valorado en unos $1,2 millones, mediante un contrato de arrendamiento a largo plazo por $1 al a\u00f1o.<\/p>\n<p>\"Una de cada cinco personas experimentar\u00e1 un problema de salud mental en un a\u00f1o determinado\", dijo David Evans, CEO de Integral Care. \"Se trata de un problema que afecta a toda nuestra comunidad y el Centro Herman ser\u00e1 un lugar que ofrezca acceso oportuno, tratamiento m\u00e1s r\u00e1pido y esperanza a quienes se enfrentan a una crisis de salud mental.\"<\/p>\n<p>El nombre del centro rinde homenaje a Guy Herman, Juez de Sucesiones del Condado de Travis, por su compromiso profesional en la defensa de los intereses de las personas con problemas de salud mental en el Condado de Travis. Como Juez Testamentario, Herman es responsable de determinar si alguien debe ser internado para recibir atenci\u00f3n psiqui\u00e1trica y cu\u00e1ndo, y ha visto de primera mano las necesidades de quienes padecen enfermedades mentales.<\/p>\n<p>\"El objetivo de mejorar el acceso a la atenci\u00f3n de salud mental es mantener a salvo a la persona que padece una enfermedad mental y devolverla a la normalidad para que pueda ser un miembro productivo de la sociedad\", afirma Herman. \"Este centro ayudar\u00e1 a conseguirlo\".<\/p>\n<p>Hist\u00f3ricamente, en el condado de Travis, las personas que experimentan una crisis de salud mental s\u00f3lo han tenido la opci\u00f3n de la atenci\u00f3n hospitalaria, que puede ser costosa y no siempre est\u00e1 disponible. El Centro Herman ofrecer\u00e1 evaluaci\u00f3n, estabilizaci\u00f3n y tratamiento en un centro especializado, mejorando los resultados de salud para los pacientes y reduciendo el coste de la atenci\u00f3n para los pacientes y los contribuyentes.<\/p>\n<p>El Centro Herman tambi\u00e9n ofrecer\u00e1 a las fuerzas de seguridad una alternativa para las personas que detengan y padezcan enfermedades mentales.<\/p>\n<p>\"Cuando un agente entra en contacto con una persona que sufre una crisis de salud mental, cuantas m\u00e1s opciones de tratamiento existan, mejor ser\u00e1 el resultado\", afirma el teniente Brian Jones, del Departamento de Polic\u00eda de Austin. \"Y no s\u00f3lo para la persona que experimenta la crisis, sino para la comunidad en general\".<\/p>\n<p>Se calcula que en los dos primeros a\u00f1os el centro atender\u00e1 a m\u00e1s de 3.100 personas que permanecer\u00e1n una media de 72 horas.<\/p>\n<p>\"La Fundaci\u00f3n St. David's ha participado a lo largo de la historia de este proyecto, en nuestro papel de miembro del Comit\u00e9 de Partes Interesadas en los Servicios Psiqui\u00e1tricos, y porque la salud mental es una prioridad para nosotros como una de nuestras seis principales \u00e1reas de inter\u00e9s para la financiaci\u00f3n\", dijo Earl Maxwell, director general de la Fundaci\u00f3n St. David's. \"El Centro Herman abordar\u00e1 una necesidad de larga data, demostrando que se pueden encontrar soluciones \u00f3ptimas cuando la comunidad trabaja unida hacia un objetivo com\u00fan. Estamos orgullosos de contribuir a dar soluci\u00f3n a esta necesidad cr\u00edtica de la comunidad.\"<\/p>\n<p>La necesidad del centro fue identificada originalmente por el Comit\u00e9 de Partes Interesadas en los Servicios Psiqui\u00e1tricos, que incluye a Integral Care, Central Health, St. David's Foundation, Seton Healthcare Family, el Departamento de Polic\u00eda de Austin, jueces locales y profesionales de la salud mental. El grupo lleva colaborando desde 2005 para identificar y colmar lagunas cr\u00edticas en el sistema de prestaci\u00f3n de servicios de salud mental.<\/p>\n<p>\"La creaci\u00f3n del Centro Herman forma parte de la promesa de Central Health de liderar mejoras en los servicios de salud conductual de nuestra comunidad\", ha declarado Patricia Young Brown, presidenta y consejera delegada de Central Health. \"Mejorar\u00e1 los servicios de crisis de emergencia locales y ayudar\u00e1 a que las personas reciban la atenci\u00f3n adecuada\".<\/p>\n<p>El centro estar\u00e1 situado cerca de la intersecci\u00f3n de Montopolis Dr. y E. Ben White Blvd. y su apertura est\u00e1 prevista para principios de 2017. Tendr\u00e1 aproximadamente 12.000 pies cuadrados y albergar\u00e1 16 camas. Los servicios prestados incluir\u00e1n:<\/p>\n<p>- Evaluaci\u00f3n de crisis<br \/>\n- Estabilizaci\u00f3n de crisis de emergencia segura y a corto plazo y observaci\u00f3n prolongada<br \/>\n- Medicamentos<br \/>\n- Terapia (individual y de grupo)<br \/>\n- Servicios de enfermer\u00eda<br \/>\n- Planificaci\u00f3n del alta y conexi\u00f3n con los servicios y recursos existentes<\/p>\n<p>El Centro Herman sigue el modelo de Burke, el centro de urgencias de salud mental de Lufkin (Texas), inaugurado en 2008 y reconocido como una de las mejores pr\u00e1cticas en atenci\u00f3n psiqui\u00e1trica.<\/p>\n<p>Acerca de Austin Travis County Integral Care:<br \/>\nFundada en 1967 para atender a Austin y el condado de Travis, Integral Care ofrece servicios comunitarios para adultos y ni\u00f1os con trastornos cerebrales, incluidas enfermedades mentales graves, discapacidades intelectuales y del desarrollo, y trastornos por consumo de sustancias. Para m\u00e1s informaci\u00f3n, visite IntegralCare.org.<\/p>\n<hr \/>\n<h4>Cobertura en los medios de comunicaci\u00f3n locales<\/h4>\n<p><a href=\"https:\/\/communityimpact.com\/austin\/development-construction\/2016\/03\/29\/mental-health-treatment-center-breaks-ground-southeast-austin\/\" target=\"_blank\">https:\/\/communityimpact.com\/austin\/development-construction\/2016\/03\/29\/mental-health-treatment-center-breaks-ground-southeast-austin\/<\/a><\/p>\n<p><a href=\"http:\/\/kxan.com\/2016\/03\/29\/new-mental-health-center-being-built-in-southeast-austin\/\" target=\"_blank\">http:\/\/kxan.com\/2016\/03\/29\/new-mental-health-center-being-built-in-southeast-austin\/<\/a><\/p>\n<p>&nbsp;<\/p>","protected":false},"excerpt":{"rendered":"<p>From our partners at Austin Travis\u00a0County Integral Care \u00a0Judge Guy Herman Center for Mental Health Crisis Care Breaks Ground First-of-its-kind center in Travis County will expand access to mental health [&hellip;]<\/p>\n","protected":false},"author":8,"featured_media":6963,"comment_status":"closed","ping_status":"closed","sticky":false,"template":"","format":"standard","meta":{"_acf_changed":false,"_genesis_hide_title":false,"_genesis_hide_breadcrumbs":false,"_genesis_hide_singular_image":false,"_genesis_hide_footer_widgets":false,"_genesis_custom_body_class":"","_genesis_custom_post_class":"","_genesis_layout":"","footnotes":""},"categories":[4],"tags":[],"class_list":["post-6960","post","type-post","status-publish","format-standard","has-post-thumbnail","category-news","entry"],"acf":[],"_links":{"self":[{"href":"https:\/\/www.centralhealth.net\/es\/wp-json\/wp\/v2\/posts\/6960","targetHints":{"allow":["GET"]}}],"collection":[{"href":"https:\/\/www.centralhealth.net\/es\/wp-json\/wp\/v2\/posts"}],"about":[{"href":"https:\/\/www.centralhealth.net\/es\/wp-json\/wp\/v2\/types\/post"}],"author":[{"embeddable":true,"href":"https:\/\/www.centralhealth.net\/es\/wp-json\/wp\/v2\/users\/8"}],"replies":[{"embeddable":true,"href":"https:\/\/www.centralhealth.net\/es\/wp-json\/wp\/v2\/comments?post=6960"}],"version-history":[{"count":0,"href":"https:\/\/www.centralhealth.net\/es\/wp-json\/wp\/v2\/posts\/6960\/revisions"}],"wp:featuredmedia":[{"embeddable":true,"href":"https:\/\/www.centralhealth.net\/es\/wp-json\/wp\/v2\/media\/6963"}],"wp:attachment":[{"href":"https:\/\/www.centralhealth.net\/es\/wp-json\/wp\/v2\/media?parent=6960"}],"wp:term":[{"taxonomy":"category","embeddable":true,"href":"https:\/\/www.centralhealth.net\/es\/wp-json\/wp\/v2\/categories?post=6960"},{"taxonomy":"post_tag","embeddable":true,"href":"https:\/\/www.centralhealth.net\/es\/wp-json\/wp\/v2\/tags?post=6960"}],"curies":[{"name":"wp","href":"https:\/\/api.w.org\/{rel}","templated":true}]}}