{"id":157197,"date":"2020-03-20T17:26:44","date_gmt":"2020-03-20T22:26:44","guid":{"rendered":"http:\/\/3.226.138.131\/?p=154119"},"modified":"2020-03-20T17:26:44","modified_gmt":"2020-03-20T22:26:44","slug":"central-health-board-of-managers-meetings-to-be-held-via-teleconference","status":"publish","type":"post","link":"https:\/\/www.centralhealth.net\/vi\/central-health-board-of-managers-meetings-to-be-held-via-teleconference\/","title":{"rendered":"Central Health Cu\u1ed9c h\u1ecdp H\u1ed9i \u0111\u1ed3ng qu\u1ea3n tr\u1ecb s\u1ebd \u0111\u01b0\u1ee3c t\u1ed5 ch\u1ee9c qua h\u00ecnh th\u1ee9c h\u1ecdp tr\u1ef1c tuy\u1ebfn"},"content":{"rendered":"<p>H\u1ed9i \u0111\u1ed3ng qu\u1ea3n l\u00fd Central Health s\u1ebd thay \u0111\u1ed5i l\u1ecbch tr\u00ecnh v\u00e0 ho\u1ea1t \u0111\u1ed9ng h\u1ecdp do \u1ea3nh h\u01b0\u1edfng c\u1ee7a \u0111\u1ea1i d\u1ecbch COVID-19.<\/p>\n<p>\u0110\u1ec3 gi\u1ea3m kh\u1ea3 n\u0103ng l\u00e2y nhi\u1ec5m do c\u00e1c cu\u1ed9c h\u1ecdp tr\u1ef1c ti\u1ebfp, h\u1ed9i \u0111\u1ed3ng qu\u1ea3n tr\u1ecb s\u1ebd h\u1ecdp qua video\/h\u1ed9i ngh\u1ecb truy\u1ec1n h\u00ecnh b\u1eaft \u0111\u1ea7u t\u1eeb cu\u1ed9c h\u1ecdp H\u1ed9i \u0111\u1ed3ng qu\u1ea3n l\u00fd v\u00e0o th\u1ee9 T\u01b0, ng\u00e0y 25 th\u00e1ng 3. Th\u00f4ng l\u1ec7 n\u00e0y s\u1ebd ti\u1ebfp t\u1ee5c trong t\u1ea5t c\u1ea3 c\u00e1c cu\u1ed9c h\u1ecdp trong t\u01b0\u01a1ng lai cho \u0111\u1ebfn khi c\u00f3 th\u00f4ng b\u00e1o m\u1edbi.<\/p>\n<p>Theo L\u1ec7nh h\u00e0nh ph\u00e1p kh\u1ea9n c\u1ea5p \u0111\u01b0\u1ee3c Th\u1ed1ng \u0111\u1ed1c Greg Abbott ban h\u00e0nh ng\u00e0y 16 th\u00e1ng 3 n\u0103m 2020, c\u00e1c c\u01a1 quan ch\u00ednh ph\u1ee7 t\u1ea1i Texas \u0111\u01b0\u1ee3c ph\u00e9p t\u1ed5 ch\u1ee9c c\u00e1c cu\u1ed9c h\u1ecdp video ho\u1eb7c h\u1ecdp tr\u1ef1c tuy\u1ebfn m\u00e0 kh\u00f4ng c\u1ea7n b\u1ea5t k\u1ef3 th\u00e0nh vi\u00ean n\u00e0o c\u00f3 m\u1eb7t t\u1ea1i \u0111\u1ecba \u0111i\u1ec3m c\u1ee5 th\u1ec3.<\/p>\n<p>Theo y\u00eau c\u1ea7u c\u1ee7a lu\u1eadt ti\u1ec3u bang, th\u00f4ng b\u00e1o v\u1ec1 cu\u1ed9c h\u1ecdp n\u00e0y v\u00e0 c\u00e1c cu\u1ed9c h\u1ecdp trong t\u01b0\u01a1ng lai s\u1ebd \u0111\u01b0\u1ee3c \u0111\u0103ng tr\u1ef1c tuy\u1ebfn t\u1ea1i <a href=\"https:\/\/www.centralhealth.net\/vi\/meetings\/\">www.centralhealth.net\/meetings<\/a> c\u0169ng nh\u01b0 trang web c\u1ee7a V\u0103n ph\u00f2ng Th\u01b0 k\u00fd Qu\u1eadn Travis, c\u00f3 th\u1ec3 \u0111\u01b0\u1ee3c t\u00ecm ki\u1ebfm t\u1ea1i <a href=\"http:\/\/www.tccsearch.org\">www.tccsearch.org<\/a>. Y\u00eau c\u1ea7u v\u1ec1 vi\u1ec7c \u0111\u0103ng b\u00e0i tr\u1ef1c ti\u1ebfp \u0111\u00e3 \u0111\u01b0\u1ee3c mi\u1ec5n tr\u1eeb th\u00f4ng qua L\u1ec7nh kh\u1ea9n c\u1ea5p.<\/p>\n<p>C\u00f4ng ch\u00fang c\u00f3 th\u1ec3 tham d\u1ef1 cu\u1ed9c h\u1ecdp b\u1eb1ng c\u00e1ch g\u1ecdi s\u1ed1 \u0111i\u1ec7n tho\u1ea1i mi\u1ec5n ph\u00ed 888-501-0031. Trang web Central Health s\u1ebd c\u00f3 h\u01b0\u1edbng d\u1eabn \u0111\u1ec3 c\u00f4ng ch\u00fang theo d\u00f5i cu\u1ed9c h\u1ecdp. H\u1ec7 th\u1ed1ng s\u1ebd cho ph\u00e9p c\u00f4ng ch\u00fang giao ti\u1ebfp hai chi\u1ec1u, theo y\u00eau c\u1ea7u c\u1ee7a c\u00e1c quy t\u1eafc cu\u1ed9c h\u1ecdp \u0111\u00e3 \u0111\u01b0\u1ee3c thi\u1ebft l\u1eadp.<\/p>\n<p>Cu\u1ed9c h\u1ecdp c\u00f3 th\u1ec3 \u0111\u01b0\u1ee3c tham gia b\u1eb1ng h\u1ea7u h\u1ebft c\u00e1c m\u00e1y t\u00ednh v\u00e0 thi\u1ebft b\u1ecb di \u0111\u1ed9ng, cho ph\u00e9p nghe \u00e2m thanh v\u00e0 h\u00ecnh \u1ea3nh, ho\u1eb7c s\u1eed d\u1ee5ng b\u1ea5t k\u1ef3 \u0111i\u1ec7n tho\u1ea1i n\u00e0o (di \u0111\u1ed9ng ho\u1eb7c c\u1ed1 \u0111\u1ecbnh) \u0111\u1ec3 ch\u1ec9 nghe \u00e2m thanh. B\u1ea3n ghi \u00e2m cu\u1ed9c h\u1ecdp s\u1ebd \u0111\u01b0\u1ee3c c\u00f4ng b\u1ed1 cho c\u00f4ng ch\u00fang th\u00f4ng qua trang web Central Health s\u1edbm nh\u1ea5t c\u00f3 th\u1ec3 sau khi cu\u1ed9c h\u1ecdp k\u1ebft th\u00fac.<\/p>","protected":false},"excerpt":{"rendered":"<p>The Central Health Board of Managers will modify its meeting schedule and practices in light of the COVID-19 pandemic. To reduce the possibility of infection as a result of in-person [&hellip;]<\/p>\n","protected":false},"author":8,"featured_media":0,"comment_status":"closed","ping_status":"closed","sticky":false,"template":"","format":"standard","meta":{"_acf_changed":false,"_genesis_hide_title":false,"_genesis_hide_breadcrumbs":false,"_genesis_hide_singular_image":false,"_genesis_hide_footer_widgets":false,"_genesis_custom_body_class":"","_genesis_custom_post_class":"","_genesis_layout":"","footnotes":""},"categories":[4,70],"tags":[422,416,418],"class_list":["post-157197","post","type-post","status-publish","format-standard","category-news","category-press-releases","tag-board-of-managers","tag-coronavirus","tag-covid-19","entry"],"acf":[],"_links":{"self":[{"href":"https:\/\/www.centralhealth.net\/vi\/wp-json\/wp\/v2\/posts\/157197","targetHints":{"allow":["GET"]}}],"collection":[{"href":"https:\/\/www.centralhealth.net\/vi\/wp-json\/wp\/v2\/posts"}],"about":[{"href":"https:\/\/www.centralhealth.net\/vi\/wp-json\/wp\/v2\/types\/post"}],"author":[{"embeddable":true,"href":"https:\/\/www.centralhealth.net\/vi\/wp-json\/wp\/v2\/users\/8"}],"replies":[{"embeddable":true,"href":"https:\/\/www.centralhealth.net\/vi\/wp-json\/wp\/v2\/comments?post=157197"}],"version-history":[{"count":0,"href":"https:\/\/www.centralhealth.net\/vi\/wp-json\/wp\/v2\/posts\/157197\/revisions"}],"wp:attachment":[{"href":"https:\/\/www.centralhealth.net\/vi\/wp-json\/wp\/v2\/media?parent=157197"}],"wp:term":[{"taxonomy":"category","embeddable":true,"href":"https:\/\/www.centralhealth.net\/vi\/wp-json\/wp\/v2\/categories?post=157197"},{"taxonomy":"post_tag","embeddable":true,"href":"https:\/\/www.centralhealth.net\/vi\/wp-json\/wp\/v2\/tags?post=157197"}],"curies":[{"name":"wp","href":"https:\/\/api.w.org\/{rel}","templated":true}]}}