{"id":160717,"date":"2021-09-02T08:39:42","date_gmt":"2021-09-02T13:39:42","guid":{"rendered":"http:\/\/3.226.138.131\/?p=160717"},"modified":"2021-09-02T08:39:42","modified_gmt":"2021-09-02T13:39:42","slug":"central-health-postpones-and-moves-public-hearing-for-fiscal-year-2022-budget-and-tax-rate-to-austin-city-hall","status":"publish","type":"post","link":"https:\/\/www.centralhealth.net\/vi\/central-health-postpones-and-moves-public-hearing-for-fiscal-year-2022-budget-and-tax-rate-to-austin-city-hall\/","title":{"rendered":"Central Health ho\u00e3n v\u00e0 chuy\u1ec3n phi\u00ean \u0111i\u1ec1u tr\u1ea7n c\u00f4ng khai v\u1ec1 Ng\u00e2n s\u00e1ch v\u00e0 Thu\u1ebf su\u1ea5t n\u0103m t\u00e0i ch\u00ednh 2022 \u0111\u1ebfn T\u00f2a th\u1ecb ch\u00ednh Austin"},"content":{"rendered":"<p>(Austin) \u2013 H\u1ed9i \u0111\u1ed3ng qu\u1ea3n l\u00fd Central Health s\u1ebd t\u1ed5 ch\u1ee9c phi\u00ean \u0111i\u1ec1u tr\u1ea7n c\u00f4ng khai v\u00e0 b\u1ecf phi\u1ebfu v\u1ec1 ng\u00e2n s\u00e1ch v\u00e0 thu\u1ebf su\u1ea5t n\u0103m t\u00e0i ch\u00ednh (FY) 2022 c\u1ee7a khu v\u1ef1c ch\u0103m s\u00f3c s\u1ee9c kh\u1ecfe Qu\u1eadn Travis v\u00e0o l\u00fac 5 gi\u1edd chi\u1ec1u Th\u1ee9 N\u0103m, ng\u00e0y 9 th\u00e1ng 9 t\u1ea1i <a href=\"https:\/\/goo.gl\/maps\/jiCf8EkAv3ky9Eqo9\" target=\"_blank\" rel=\"noopener\">T\u00f2a th\u1ecb ch\u00ednh Austin, 301 W. Second Street, Austin, TX 78701<\/a>.<\/p>\n<p>Phi\u00ean \u0111i\u1ec1u tr\u1ea7n c\u00f4ng khai tr\u01b0\u1edbc \u0111\u00f3 \u0111\u01b0\u1ee3c l\u00ean l\u1ecbch v\u00e0o ng\u00e0y 2 th\u00e1ng 9 t\u1ea1i t\u00f2a nh\u00e0 h\u00e0nh ch\u00ednh Central Health nh\u01b0ng \u0111\u00e3 \u0111\u01b0\u1ee3c chuy\u1ec3n \u0111\u1ebfn T\u00f2a th\u1ecb ch\u00ednh Austin do lo ng\u1ea1i v\u1ec1 kh\u1ea3 n\u0103ng ti\u1ebfp c\u1eadn c\u01a1 s\u1edf n\u00e0y trong th\u1eddi gian \u00e1p d\u1ee5ng c\u00e1c h\u01b0\u1edbng d\u1eabn ph\u00f2ng ch\u1ed1ng COVID-19 nghi\u00eam ng\u1eb7t h\u01a1n.<\/p>\n<p>H\u1ed9i \u0111\u1ed3ng Central Health s\u1ebd c\u00f3 m\u1eb7t t\u1ea1i T\u00f2a th\u1ecb ch\u00ednh v\u1edbi s\u1ed1 l\u01b0\u1ee3ng \u0111\u1ee7 \u0111\u1ec3 tham d\u1ef1, \u0111\u1ed3ng th\u1eddi khuy\u1ebfn kh\u00edch ng\u01b0\u1eddi d\u00e2n theo d\u00f5i cu\u1ed9c h\u1ecdp v\u00e0 tham gia phi\u00ean \u0111i\u1ec1u tr\u1ea7n c\u00f4ng khai tr\u1ef1c tuy\u1ebfn ho\u1eb7c qua \u0111i\u1ec7n tho\u1ea1i. Vi\u1ec7c tham d\u1ef1 tr\u1ef1c ti\u1ebfp c\u0169ng \u0111\u01b0\u1ee3c cho ph\u00e9p.<\/p>\n<p>C\u00e1c th\u00e0nh vi\u00ean c\u1ed9ng \u0111\u1ed3ng s\u1ebd c\u00f3 c\u01a1 h\u1ed9i \u0111\u00f3ng g\u00f3p \u00fd ki\u1ebfn tr\u1ef1c tuy\u1ebfn, qua \u0111i\u1ec7n tho\u1ea1i ho\u1eb7c tr\u1ef1c ti\u1ebfp trong bu\u1ed5i \u0111i\u1ec1u tr\u1ea7n c\u00f4ng khai. Nh\u1eefng th\u00e0nh vi\u00ean c\u1ed9ng \u0111\u1ed3ng mu\u1ed1n ph\u00e1t bi\u1ec3u trong bu\u1ed5i \u0111i\u1ec1u tr\u1ea7n c\u00f4ng khai ph\u1ea3i \u0111\u0103ng k\u00fd b\u1eb1ng c\u00e1ch:<\/p>\n<ol>\n<li>Ho\u00e0n th\u00e0nh M\u1eabu th\u00f4ng tin c\u00f4ng c\u1ed9ng tr\u1ef1c tuy\u1ebfn tr\u01b0\u1edbc 3:30 chi\u1ec1u \u2013 <a href=\"https:\/\/www.centralhealth.net\/vi\/meeting-sign-up\/\">www.centralhealth.net\/meeting-sign-in<\/a><\/li>\n<li>G\u1ecdi 512-978-9190 v\u00e0 \u0111\u1ec3 l\u1ea1i tin nh\u1eafn tho\u1ea1i tr\u01b0\u1edbc 3:30 chi\u1ec1u<\/li>\n<li>\u0110\u0103ng k\u00fd tr\u1ef1c ti\u1ebfp t\u1ea1i \u0111\u1ecba \u0111i\u1ec3m h\u1ecdp tr\u01b0\u1edbc 5 gi\u1edd chi\u1ec1u<\/li>\n<\/ol>\n<p>\u0110\u1ec3 bi\u1ebft th\u00eam th\u00f4ng tin v\u1ec1 ng\u00e2n s\u00e1ch n\u0103m t\u00e0i ch\u00ednh 2022, h\u00e3y truy c\u1eadp trang web Ph\u00e1t tri\u1ec3n Ng\u00e2n s\u00e1ch th\u01b0\u1eddng ni\u00ean n\u0103m t\u00e0i ch\u00ednh 2022 Central Health t\u1ea1i <a href=\"https:\/\/www.centralhealth.net\/vi\/about\/finance\/fy2022-budget\/\">www.centralhealth.net\/about\/finance\/fy2022-budget.<\/a><\/p>","protected":false},"excerpt":{"rendered":"<p>(Austin) \u2013 The Central Health Board of Managers will hold a public hearing and vote on the Travis County healthcare district\u2019s Fiscal Year (FY) 2022 budget and tax rate at [&hellip;]<\/p>\n","protected":false},"author":8,"featured_media":0,"comment_status":"closed","ping_status":"closed","sticky":false,"template":"","format":"standard","meta":{"_acf_changed":false,"_genesis_hide_title":false,"_genesis_hide_breadcrumbs":false,"_genesis_hide_singular_image":false,"_genesis_hide_footer_widgets":false,"_genesis_custom_body_class":"","_genesis_custom_post_class":"","_genesis_layout":"","footnotes":""},"categories":[4,70],"tags":[],"class_list":["post-160717","post","type-post","status-publish","format-standard","category-news","category-press-releases","entry"],"acf":[],"_links":{"self":[{"href":"https:\/\/www.centralhealth.net\/vi\/wp-json\/wp\/v2\/posts\/160717","targetHints":{"allow":["GET"]}}],"collection":[{"href":"https:\/\/www.centralhealth.net\/vi\/wp-json\/wp\/v2\/posts"}],"about":[{"href":"https:\/\/www.centralhealth.net\/vi\/wp-json\/wp\/v2\/types\/post"}],"author":[{"embeddable":true,"href":"https:\/\/www.centralhealth.net\/vi\/wp-json\/wp\/v2\/users\/8"}],"replies":[{"embeddable":true,"href":"https:\/\/www.centralhealth.net\/vi\/wp-json\/wp\/v2\/comments?post=160717"}],"version-history":[{"count":0,"href":"https:\/\/www.centralhealth.net\/vi\/wp-json\/wp\/v2\/posts\/160717\/revisions"}],"wp:attachment":[{"href":"https:\/\/www.centralhealth.net\/vi\/wp-json\/wp\/v2\/media?parent=160717"}],"wp:term":[{"taxonomy":"category","embeddable":true,"href":"https:\/\/www.centralhealth.net\/vi\/wp-json\/wp\/v2\/categories?post=160717"},{"taxonomy":"post_tag","embeddable":true,"href":"https:\/\/www.centralhealth.net\/vi\/wp-json\/wp\/v2\/tags?post=160717"}],"curies":[{"name":"wp","href":"https:\/\/api.w.org\/{rel}","templated":true}]}}