{"id":169658,"date":"2022-08-02T11:10:06","date_gmt":"2022-08-02T16:10:06","guid":{"rendered":"https:\/\/www.centralhealth.net\/?p=169658"},"modified":"2022-08-02T11:10:06","modified_gmt":"2022-08-02T16:10:06","slug":"central-health-to-hold-community-conversations-about-fy-2023-budget","status":"publish","type":"post","link":"https:\/\/www.centralhealth.net\/vi\/central-health-to-hold-community-conversations-about-fy-2023-budget\/","title":{"rendered":"Central Health s\u1ebd t\u1ed5 ch\u1ee9c c\u00e1c cu\u1ed9c th\u1ea3o lu\u1eadn c\u1ed9ng \u0111\u1ed3ng v\u1ec1 Ng\u00e2n s\u00e1ch n\u0103m t\u00e0i ch\u00ednh 2023"},"content":{"rendered":"<p>(AUSTIN) \u2014 Central Health \u0111ang m\u1eddi c\u00f4ng ch\u00fang tham gia \u0111\u00f3ng g\u00f3p \u00fd ki\u1ebfn v\u1ec1 c\u00e1c \u01b0u ti\u00ean trong ng\u00e2n s\u00e1ch n\u0103m t\u00e0i ch\u00ednh 2023.<\/p>\n<p>Central Health s\u1ebd t\u1ed5 ch\u1ee9c ba bu\u1ed5i \u0110\u1ed1i tho\u1ea1i C\u1ed9ng \u0111\u1ed3ng b\u1eaft \u0111\u1ea7u t\u1eeb tu\u1ea7n n\u00e0y, n\u01a1i ng\u01b0\u1eddi d\u00e2n Qu\u1eadn Travis c\u00f3 th\u1ec3 t\u00ecm hi\u1ec3u c\u00e1ch t\u1ed5 ch\u1ee9c \u0111ang x\u00e2y d\u1ef1ng m\u1ed9t h\u1ec7 th\u1ed1ng ch\u0103m s\u00f3c s\u1ee9c kh\u1ecfe to\u00e0n di\u1ec7n nh\u1eb1m c\u1ea3i thi\u1ec7n s\u1ee9c kh\u1ecfe cho c\u01b0 d\u00e2n c\u00f3 thu nh\u1eadp th\u1ea5p trong qu\u1eadn. Ng\u01b0\u1eddi d\u00e2n c\u0169ng s\u1ebd c\u00f3 c\u01a1 h\u1ed9i chia s\u1ebb v\u1edbi nh\u00e2n vi\u00ean Central Health nh\u1eefng \u00fd t\u01b0\u1edfng cho ng\u00e2n s\u00e1ch n\u0103m t\u00e0i ch\u00ednh 2023.<\/p>\n<p>\u201cNh\u1eefng bu\u1ed5i \u0110\u1ed1i tho\u1ea1i C\u1ed9ng \u0111\u1ed3ng n\u00e0y c\u00f3 gi\u00e1 tr\u1ecb theo nhi\u1ec1u c\u00e1ch kh\u00e1c nhau,\u201d Ch\u1ee7 t\u1ecbch ki\u00eam T\u1ed5ng Gi\u00e1m \u0111\u1ed1c \u0110i\u1ec1u h\u00e0nh c\u1ee7a Central Health, Mike Geeslin, cho bi\u1ebft. \u201cN\u00f3 cho ph\u00e9p nh\u00e2n vi\u00ean c\u1ee7a ch\u00fang t\u00f4i thu th\u1eadp \u00fd ki\u1ebfn t\u1eeb c\u1ed9ng \u0111\u1ed3ng v\u1ec1 c\u00e1ch th\u1ee9c chi ti\u00eau ng\u00e2n s\u00e1ch, v\u00e0 cho ph\u00e9p ch\u00fang t\u00f4i, v\u1edbi t\u01b0 c\u00e1ch l\u00e0 m\u1ed9t t\u1ed5 ch\u1ee9c, minh b\u1ea1ch v\u1ec1 vi\u1ec7c ch\u00fang t\u00f4i l\u00e0 nh\u1eefng ng\u01b0\u1eddi qu\u1ea3n l\u00fd c\u00f3 tr\u00e1ch nhi\u1ec7m \u0111\u1ed1i v\u1edbi ti\u1ec1n thu\u1ebf c\u1ee7a ng\u01b0\u1eddi d\u00e2n.\u201d<\/p>\n<p>Hai trong ba s\u1ef1 ki\u1ec7n s\u1ebd \u0111\u01b0\u1ee3c ph\u00e1t tr\u1ef1c ti\u1ebfp b\u1eb1ng ti\u1ebfng Anh v\u00e0 ti\u1ebfng T\u00e2y Ban Nha. S\u1ef1 ki\u1ec7n th\u1ee9 ba v\u00e0 c\u0169ng l\u00e0 s\u1ef1 ki\u1ec7n cu\u1ed1i c\u00f9ng s\u1ebd ch\u1ec9 c\u00f3 ti\u1ebfng Anh, nh\u01b0ng ngo\u00e0i vi\u1ec7c tham d\u1ef1 tr\u1ef1c ti\u1ebfp, s\u1ef1 ki\u1ec7n c\u0169ng s\u1ebd \u0111\u01b0\u1ee3c ph\u00e1t tr\u1ef1c ti\u1ebfp tr\u00ean trang Facebook c\u1ee7a Central Health qua Facebook Live.<\/p>\n<p>B\u1eefa tr\u01b0a ho\u1eb7c b\u1eefa t\u1ed1i mi\u1ec5n ph\u00ed s\u1ebd \u0111\u01b0\u1ee3c ph\u1ee5c v\u1ee5 t\u1ea1i s\u1ef1 ki\u1ec7n.<\/p>\n<p>C\u00e1c s\u1ef1 ki\u1ec7n s\u1ebd di\u1ec5n ra v\u00e0o:<\/p>\n<ul>\n<li>Th\u1ee9 N\u0103m, ng\u00e0y 4 th\u00e1ng 8 n\u0103m 2022 | 6:30 \u2013 8 gi\u1edd t\u1ed1i | Ti\u1ebfng Anh &amp; Ti\u1ebfng T\u00e2y Ban Nha<br \/>\nTrung t\u00e2m gi\u1ea3i tr\u00ed Turner Roberts \u2013 7201 Colony Loop Dr.<\/li>\n<li>Th\u1ee9 Ba, ng\u00e0y 9 th\u00e1ng 8 n\u0103m 2022 | 11 gi\u1edd s\u00e1ng \u2013 12 gi\u1edd 30 chi\u1ec1u | Ti\u1ebfng Anh &amp; Ti\u1ebfng T\u00e2y Ban Nha<br \/>\nTrung t\u00e2m S\u1ee9c kh\u1ecfe v\u00e0 Th\u1ec3 ch\u1ea5t \u0110\u00f4ng Nam \u2013 2901 Montopolis Dr.<\/li>\n<li>Th\u1ee9 N\u0103m, ng\u00e0y 18 th\u00e1ng 8 n\u0103m 2022 | 11 gi\u1edd s\u00e1ng \u2013 12 gi\u1edd 30 chi\u1ec1u | Ch\u1ec9 ti\u1ebfng Anh<br \/>\nTr\u1ee5 s\u1edf ch\u00ednh Central Health \u2013 1111 E Cesar Chavez St. &amp; ph\u00e1t tr\u1ef1c ti\u1ebfp tr\u00ean Facebook Live<\/li>\n<\/ul>\n<p>\u0110\u1ed1i v\u1edbi nh\u1eefng ng\u01b0\u1eddi c\u1ea7n truy c\u1eadp b\u1eb1ng ng\u00f4n ng\u1eef kh\u00e1c ho\u1eb7c c\u00f3 b\u1ea5t k\u1ef3 c\u00e2u h\u1ecfi n\u00e0o, vui l\u00f2ng li\u00ean h\u1ec7 v\u1edbi Yesenia Ramos t\u1ea1i <a href=\"mailto:yesenia.ramos@centralhealth.net\">yesenia.ramos@centralhealth.net<\/a> ho\u1eb7c <a href=\"tel:512-978-8145\">512-978-8145<\/a>.<\/p>","protected":false},"excerpt":{"rendered":"<p>(AUSTIN) &#8212; Central Health is inviting the public to weigh in on its Fiscal Year 2023 budget priorities. Central Health will hold three Community Conversations beginning this week where Travis [&hellip;]<\/p>\n","protected":false},"author":8,"featured_media":0,"comment_status":"closed","ping_status":"closed","sticky":false,"template":"","format":"standard","meta":{"_acf_changed":false,"_genesis_hide_title":false,"_genesis_hide_breadcrumbs":false,"_genesis_hide_singular_image":false,"_genesis_hide_footer_widgets":false,"_genesis_custom_body_class":"","_genesis_custom_post_class":"","_genesis_layout":"","footnotes":""},"categories":[4,70],"tags":[],"class_list":["post-169658","post","type-post","status-publish","format-standard","category-news","category-press-releases","entry"],"acf":[],"_links":{"self":[{"href":"https:\/\/www.centralhealth.net\/vi\/wp-json\/wp\/v2\/posts\/169658","targetHints":{"allow":["GET"]}}],"collection":[{"href":"https:\/\/www.centralhealth.net\/vi\/wp-json\/wp\/v2\/posts"}],"about":[{"href":"https:\/\/www.centralhealth.net\/vi\/wp-json\/wp\/v2\/types\/post"}],"author":[{"embeddable":true,"href":"https:\/\/www.centralhealth.net\/vi\/wp-json\/wp\/v2\/users\/8"}],"replies":[{"embeddable":true,"href":"https:\/\/www.centralhealth.net\/vi\/wp-json\/wp\/v2\/comments?post=169658"}],"version-history":[{"count":0,"href":"https:\/\/www.centralhealth.net\/vi\/wp-json\/wp\/v2\/posts\/169658\/revisions"}],"wp:attachment":[{"href":"https:\/\/www.centralhealth.net\/vi\/wp-json\/wp\/v2\/media?parent=169658"}],"wp:term":[{"taxonomy":"category","embeddable":true,"href":"https:\/\/www.centralhealth.net\/vi\/wp-json\/wp\/v2\/categories?post=169658"},{"taxonomy":"post_tag","embeddable":true,"href":"https:\/\/www.centralhealth.net\/vi\/wp-json\/wp\/v2\/tags?post=169658"}],"curies":[{"name":"wp","href":"https:\/\/api.w.org\/{rel}","templated":true}]}}